{"id":512,"date":"2020-07-18T20:21:02","date_gmt":"2020-07-18T23:21:02","guid":{"rendered":"http:\/\/nuestramendoza.org.ar\/nmendoza\/blog\/?p=512"},"modified":"2020-07-20T18:55:34","modified_gmt":"2020-07-20T21:55:34","slug":"muchos-programas-quedaron-truncos-por-la-pandemia-pero-estamos-al-lado-de-nuestros-docentes-directivos-ninos-y-ninas","status":"publish","type":"post","link":"https:\/\/nuestramendoza.org.ar\/nmendoza\/blog\/muchos-programas-quedaron-truncos-por-la-pandemia-pero-estamos-al-lado-de-nuestros-docentes-directivos-ninos-y-ninas\/","title":{"rendered":"&#8220;Muchos programas quedaron truncos por la pandemia, pero estamos al lado de nuestros docentes, directivos, ni\u00f1os y ni\u00f1as&#8221;"},"content":{"rendered":"\n<p><em><strong>As\u00ed lo manifest\u00f3 Ana Sevilla, Directora de educaci\u00f3n del departamento de Maip\u00fa.<\/strong><\/em><\/p>\n\n\n\n<p><strong>Fundaci\u00f3n Nuestra Mendoza, junto a la Maestr\u00eda en Responsabilidad Social (MRS), Federaci\u00f3n de Entidades No Gubernamentales De Ni\u00f1ez y Adolescencia\u00a0 Mendoza (FEDEM) y<\/strong><em><strong> la Red por la Educaci\u00f3n Mendoza,<\/strong> <\/em> <strong>llevaron adelante el ciclo de encuentros &#8220;Todos somos part\u00edcipes de la educaci\u00f3n&#8221;<\/strong> para dialogar con representantes de los municipios del Gran Mendoza y representantes de organizaciones vinculadas a la educaci\u00f3n.<\/p>\n\n\n\n<p>El cuarto encuentro fue el turno para dialogar con <strong>Ana Sevilla y Yamila Cerezo, de la Municipalidad de Maip\u00fa<\/strong>. All\u00ed, ambas profesionales explicaron c\u00f3mo se adapt\u00f3 el municipio a ocupar nuevos roles en materia educativa, a ra\u00edz de la pandemia. <\/p>\n\n\n\n<p><em>\u201cHemos ido tomando nuevos roles que algunos a\u00f1os atr\u00e1s nunca se nos hubiera ocurrido que el municipio iba a tener que intervenir, pero la pandemia nos desaf\u00eda a todos. En Maip\u00fa tenemos una zona rural muy amplia, con m\u00e1s de 500 ni\u00f1os sin conectividad, y eso estamos tratando de resolverlo a trav\u00e9s de otros mecanismos de la Direcci\u00f3n de Educaci\u00f3n\u201d<\/em>, afirm\u00f3 Yamila Cerezo, Secretaria de Gobierno. <\/p>\n\n\n\n<p><em>\u201cAunque muchos programas quedaron truncos por la pandemia, hemos estado al lado de nuestros docentes, directivos, ni\u00f1os y ni\u00f1as. Sobre todo, tratando de acompa\u00f1ar las trayectorias d\u00e9biles. Como Estado debemos afrontar la situaci\u00f3n que genera la pandemia, entregando los cuadernillos, alimentos en las escuelas, y tratando de conseguir donaciones de dispositivos electr\u00f3nicos para que los chicos que no tienen acceso no queden fuera del sistema educativo; incluso hemos brindado cr\u00e9dito para celulares para que ese gasto imprevisto no fuera impedimento para la educaci\u00f3n\u201d<\/em>, finaliz\u00f3 Ana Sevilla, Directora de Educaci\u00f3n del municipio. <\/p>\n\n\n\n<p><\/p>\n","protected":false},"excerpt":{"rendered":"<p>As\u00ed lo manifest\u00f3 Ana Sevilla, Directora de educaci\u00f3n del departamento de Maip\u00fa. Fundaci\u00f3n Nuestra Mendoza, junto a la Maestr\u00eda en Responsabilidad Social (MRS), Federaci\u00f3n de Entidades No Gubernamentales De Ni\u00f1ez y Adolescencia\u00a0 Mendoza (FEDEM) y la Red por la Educaci\u00f3n Mendoza, llevaron adelante el ciclo de encuentros &#8220;Todos somos part\u00edcipes de la educaci\u00f3n&#8221; para dialogar con representantes de los municipios del Gran Mendoza y representantes [&hellip;]<\/p>\n","protected":false},"author":1,"featured_media":513,"comment_status":"open","ping_status":"open","sticky":false,"template":"","format":"standard","meta":{"footnotes":""},"categories":[14,100,98,52,101,96,97],"tags":[],"class_list":["post-512","post","type-post","status-publish","format-standard","has-post-thumbnail","hentry","category-ciudadania","category-coronavirus","category-educacion","category-equidad","category-gobierno","category-maipu","category-prensa"],"_links":{"self":[{"href":"https:\/\/nuestramendoza.org.ar\/nmendoza\/blog\/wp-json\/wp\/v2\/posts\/512","targetHints":{"allow":["GET"]}}],"collection":[{"href":"https:\/\/nuestramendoza.org.ar\/nmendoza\/blog\/wp-json\/wp\/v2\/posts"}],"about":[{"href":"https:\/\/nuestramendoza.org.ar\/nmendoza\/blog\/wp-json\/wp\/v2\/types\/post"}],"author":[{"embeddable":true,"href":"https:\/\/nuestramendoza.org.ar\/nmendoza\/blog\/wp-json\/wp\/v2\/users\/1"}],"replies":[{"embeddable":true,"href":"https:\/\/nuestramendoza.org.ar\/nmendoza\/blog\/wp-json\/wp\/v2\/comments?post=512"}],"version-history":[{"count":3,"href":"https:\/\/nuestramendoza.org.ar\/nmendoza\/blog\/wp-json\/wp\/v2\/posts\/512\/revisions"}],"predecessor-version":[{"id":541,"href":"https:\/\/nuestramendoza.org.ar\/nmendoza\/blog\/wp-json\/wp\/v2\/posts\/512\/revisions\/541"}],"wp:featuredmedia":[{"embeddable":true,"href":"https:\/\/nuestramendoza.org.ar\/nmendoza\/blog\/wp-json\/wp\/v2\/media\/513"}],"wp:attachment":[{"href":"https:\/\/nuestramendoza.org.ar\/nmendoza\/blog\/wp-json\/wp\/v2\/media?parent=512"}],"wp:term":[{"taxonomy":"category","embeddable":true,"href":"https:\/\/nuestramendoza.org.ar\/nmendoza\/blog\/wp-json\/wp\/v2\/categories?post=512"},{"taxonomy":"post_tag","embeddable":true,"href":"https:\/\/nuestramendoza.org.ar\/nmendoza\/blog\/wp-json\/wp\/v2\/tags?post=512"}],"curies":[{"name":"wp","href":"https:\/\/api.w.org\/{rel}","templated":true}]}}