{"id":508,"date":"2020-07-18T19:51:13","date_gmt":"2020-07-18T22:51:13","guid":{"rendered":"http:\/\/nuestramendoza.org.ar\/nmendoza\/blog\/?p=508"},"modified":"2020-07-20T18:54:44","modified_gmt":"2020-07-20T21:54:44","slug":"la-pandemia-la-cual-nos-obligo-a-cambiar-la-planificacion-fundamentalmente-en-el-acompanamiento-educativo","status":"publish","type":"post","link":"https:\/\/nuestramendoza.org.ar\/nmendoza\/blog\/la-pandemia-la-cual-nos-obligo-a-cambiar-la-planificacion-fundamentalmente-en-el-acompanamiento-educativo\/","title":{"rendered":"&#8220;La pandemia nos oblig\u00f3 a cambiar la planificaci\u00f3n en el acompa\u00f1amiento educativo&#8221;"},"content":{"rendered":"\n<p><strong><em>As\u00ed lo afirm\u00f3 el Secretario de Gobierno de a Ciudad de Mendoza, Luis Olmedo, respecto del desaf\u00edo que afrontan en la educaci\u00f3n en contexto de pandemia.<\/em><\/strong><\/p>\n\n\n\n<p><strong>Fundaci\u00f3n Nuestra Mendoza, junto a la Maestr\u00eda en Responsabilidad Social (MRS), Federaci\u00f3n de Entidades No Gubernamentales De Ni\u00f1ez y Adolescencia\u00a0 Mendoza (FEDEM)<\/strong>  <em><strong> y la Red por la Educaci\u00f3n Mendoza,<\/strong> <\/em>  llevaron adelante un ciclo de encuentros virtuales para dialogar con representantes de los municipios del Gran Mendoza y representantes de organizaciones vinculadas a la educaci\u00f3n.<\/p>\n\n\n\n<p>Nuestra Mendoza es una organizaci\u00f3n social sin fines de lucro que promueve la participaci\u00f3n ciudadana activamente. En esta oportunidad, atendiendo al contexto de pandemia y la virtualizaci\u00f3n de la educaci\u00f3n, la Fundaci\u00f3n, junto a la MRS y a FEDEM organizaron el ciclo de talleres <strong>\u201cTodos somos Part\u00edcipes de la Educaci\u00f3n\u201d<\/strong>, para dialogar con referentes de la Direcci\u00f3n General de Escuelas, municipios del Gran Mendoza y organizaciones vinculadas a la tem\u00e1tica.<\/p>\n\n\n\n<p>En el tercer encuentro el di\u00e1logo fue con <strong>Luis Olmedo, Secretario de Gobierno, y Valeria Tarquini, Directora de Educaci\u00f3n; ambos de la Municipalidad de Mendoza.<\/strong><\/p>\n\n\n\n<p><em>\u201cCuando llegu\u00e9 a la Secretar\u00eda de Gobierno, encontr\u00e9 un espacio que funcionaba muy bien, con antecedentes como los programas educativos. El desaf\u00edo fue c\u00f3mo reestructurar esa \u00e1rea potenciando lo que ya hab\u00eda. Actualmente estamos en un proceso de reorganizaci\u00f3n de la Direcci\u00f3n de Educaci\u00f3n, que se vio trastocado por la pandemia, la cual nos oblig\u00f3 a cambiar la planificaci\u00f3n, fundamentalmente en el acompa\u00f1amiento. Por ejemplo, los jardines maternales dejaron de funcionar. Esto nos demand\u00f3 modificar el ritmo de planificar la gesti\u00f3n\u201d<\/em>, explic\u00f3 Olmedo. <\/p>\n\n\n\n<p>La vulnerabilidad de numerosas poblaciones de la Ciudad, demandan al municipio un esfuerzo mancomunado con la Direcci\u00f3n General de Escuelas: <em>\u201cnos enfocamos en acompa\u00f1ar la pol\u00edtica que est\u00e1 abordando la DGE, sin abandonar a las poblaciones que venimos trabajando y que en muchos casos son muy vulnerables. Tuvimos que repensar muchos de nuestros programas, por ejemplo el de Orientaci\u00f3n Vocacional, que hist\u00f3ricamente ha sido presencial y de gran convocatoria, pero tuvimos que redise\u00f1arlo en la virtualidad; o las \u00e1reas de alfabetizaci\u00f3n, donde la tecnolog\u00eda complejiza todo. En este momento estamos abocados a dise\u00f1ar mecanismos de contenci\u00f3n, de di\u00e1logo, de acompa\u00f1amiento para las poblaciones que son parte de nuestro municipio\u201d<\/em>, agrega el Secretario de Gobierno.<\/p>\n","protected":false},"excerpt":{"rendered":"<p>As\u00ed lo afirm\u00f3 el Secretario de Gobierno de a Ciudad de Mendoza, Luis Olmedo, respecto del desaf\u00edo que afrontan en la educaci\u00f3n en contexto de pandemia. Fundaci\u00f3n Nuestra Mendoza, junto a la Maestr\u00eda en Responsabilidad Social (MRS), Federaci\u00f3n de Entidades No Gubernamentales De Ni\u00f1ez y Adolescencia\u00a0 Mendoza (FEDEM) y la Red por la Educaci\u00f3n Mendoza, llevaron adelante un ciclo de encuentros virtuales para dialogar con [&hellip;]<\/p>\n","protected":false},"author":1,"featured_media":509,"comment_status":"open","ping_status":"open","sticky":false,"template":"","format":"standard","meta":{"footnotes":""},"categories":[14,100,98,101,68,97],"tags":[],"class_list":["post-508","post","type-post","status-publish","format-standard","has-post-thumbnail","hentry","category-ciudadania","category-coronavirus","category-educacion","category-gobierno","category-participacion","category-prensa"],"_links":{"self":[{"href":"https:\/\/nuestramendoza.org.ar\/nmendoza\/blog\/wp-json\/wp\/v2\/posts\/508","targetHints":{"allow":["GET"]}}],"collection":[{"href":"https:\/\/nuestramendoza.org.ar\/nmendoza\/blog\/wp-json\/wp\/v2\/posts"}],"about":[{"href":"https:\/\/nuestramendoza.org.ar\/nmendoza\/blog\/wp-json\/wp\/v2\/types\/post"}],"author":[{"embeddable":true,"href":"https:\/\/nuestramendoza.org.ar\/nmendoza\/blog\/wp-json\/wp\/v2\/users\/1"}],"replies":[{"embeddable":true,"href":"https:\/\/nuestramendoza.org.ar\/nmendoza\/blog\/wp-json\/wp\/v2\/comments?post=508"}],"version-history":[{"count":5,"href":"https:\/\/nuestramendoza.org.ar\/nmendoza\/blog\/wp-json\/wp\/v2\/posts\/508\/revisions"}],"predecessor-version":[{"id":540,"href":"https:\/\/nuestramendoza.org.ar\/nmendoza\/blog\/wp-json\/wp\/v2\/posts\/508\/revisions\/540"}],"wp:featuredmedia":[{"embeddable":true,"href":"https:\/\/nuestramendoza.org.ar\/nmendoza\/blog\/wp-json\/wp\/v2\/media\/509"}],"wp:attachment":[{"href":"https:\/\/nuestramendoza.org.ar\/nmendoza\/blog\/wp-json\/wp\/v2\/media?parent=508"}],"wp:term":[{"taxonomy":"category","embeddable":true,"href":"https:\/\/nuestramendoza.org.ar\/nmendoza\/blog\/wp-json\/wp\/v2\/categories?post=508"},{"taxonomy":"post_tag","embeddable":true,"href":"https:\/\/nuestramendoza.org.ar\/nmendoza\/blog\/wp-json\/wp\/v2\/tags?post=508"}],"curies":[{"name":"wp","href":"https:\/\/api.w.org\/{rel}","templated":true}]}}