{"id":496,"date":"2020-06-05T20:44:08","date_gmt":"2020-06-05T23:44:08","guid":{"rendered":"http:\/\/nuestramendoza.org.ar\/nmendoza\/blog\/?p=496"},"modified":"2020-06-05T20:44:08","modified_gmt":"2020-06-05T23:44:08","slug":"se-presento-el-informe-sobre-compras-publicas-en-estado-de-emergencia-en-mendoza","status":"publish","type":"post","link":"https:\/\/nuestramendoza.org.ar\/nmendoza\/blog\/se-presento-el-informe-sobre-compras-publicas-en-estado-de-emergencia-en-mendoza\/","title":{"rendered":"Se present\u00f3 el informe sobre Compras P\u00fablicas en Estado de Emergencia en Mendoza"},"content":{"rendered":"\n<p><em>En el d\u00eda de hoy, Fundaci\u00f3n Nuestra Mendoza, el Centro Latinoamericano de Derechos Humanos y el Laboratorio de Transparencia de la Universidad de Mendoza, apoyados por el Programa Part\u00edcipes, Co-Financiado por la Uni\u00f3n Europea, presentaron p\u00fablicamente un documento elaborado sobre las compras p\u00fablicas en la Provincia de Mendoza luego de la declaraci\u00f3n de la emergencia sanitaria,social, administrativa y financiera. <\/em><\/p>\n\n\n\n<p>El informe analiza las disposiciones de la normativa que declara la emergencia, el estado de apertura de datos de los portales de compras provinciales y municipales, y los mecanismos de rendici\u00f3n de cuentas. Adem\u00e1s, elabora una serie de recomendaciones respecto a los puntos analizados.<\/p>\n\n\n\n<p><em>El an\u00e1lisis cont\u00f3 con la adhesi\u00f3n de otras instituciones como ser Asociaci\u00f3n Civil VALOS, ACDE y La Universidad Maza y de su presentaci\u00f3n participaron virtualmente m\u00e1s de 50 personas.<\/em><\/p>\n\n\n\n<p>A lo largo de sus p\u00e1ginas, y con el marco de un <a href=\"https:\/\/www.transparency.org\/files\/application\/flash\/COVID_19_Public_procurement_Latin_America_ES_PT.pdf\" target=\"_blank\" rel=\"noreferrer noopener\" aria-label=\"trabajo elaborado por Transparencia Internacional (abre en una nueva pesta\u00f1a)\">trabajo elaborado por Transparencia Internacional<\/a>, el informe analiza la normativa de administraci\u00f3n de recursos sancionada en el marco de la emergencia, el acceso p\u00fablico a Informaci\u00f3n de las Contrataciones (Tanto a nivel Provincial como Municipal) y los mecanismos de Auditor\u00edas y Rendiciones de Cuenta.<\/p>\n\n\n\n<p>El documento\nllega a las siguientes recomendaciones: <\/p>\n\n\n\n<p><strong><em>1)&nbsp;&nbsp; Administraci\u00f3n de recursos<\/em><\/strong><strong><em> <\/em><\/strong><\/p>\n\n\n\n<p>a.&nbsp;&nbsp;&nbsp; Encargar a la Comisi\u00f3n Bicameral de\nSeguimiento y Control asumir la responsabilidad otorgada colaborando as\u00ed a la\nintegridad de los recursos extraordinarios. <\/p>\n\n\n\n<p>b.&nbsp;&nbsp;&nbsp; Argumentar y fundamentar las decisiones en\nlas adjudicaciones <\/p>\n\n\n\n<p>c.&nbsp;&nbsp;&nbsp; Tomar las decisiones desde el uso\nresponsable de la discrecionalidad evitando la arbitrariedad en el uso de las\nfacultades p\u00fablicas <\/p>\n\n\n\n<p><strong><em>2)&nbsp; Acceso a la informaci\u00f3n <\/em><\/strong><\/p>\n\n\n\n<p>a.&nbsp;&nbsp;&nbsp; Crear apartados especiales para las compras\nrelacionadas con la COVID-19 <\/p>\n\n\n\n<p>b.&nbsp;&nbsp;&nbsp;&nbsp;&nbsp;&nbsp;&nbsp;&nbsp; Integrar la informaci\u00f3n de los\nmunicipios al portal provincial COMPRAR, evitando la coexistencia de los dos\nsistemas y generando una mayor apertura de informaci\u00f3n sobre compras\nmunicipales <\/p>\n\n\n\n<p>c.&nbsp;&nbsp;&nbsp; Publicitar y brindar capacitaciones para el\nuso de COMPR.AR para la ciudadan\u00eda y actores interesados <\/p>\n\n\n\n<p>d.&nbsp;&nbsp;&nbsp;&nbsp; Generar un apartado para hacer p\u00fablica\ninformaci\u00f3n de compras y contrataciones por \u201cmonto menor\u201d que se hayan\nrealizado. <\/p>\n\n\n\n<p><strong><em>3)&nbsp;&nbsp; Mecanismos de control y rendici\u00f3n de cuentas\n<\/em><\/strong><\/p>\n\n\n\n<p>a.&nbsp;&nbsp;&nbsp;&nbsp;&nbsp;&nbsp; Conformar la Comisi\u00f3n Bicameral de\nSeguimiento y Control <\/p>\n\n\n\n<p>b.&nbsp;&nbsp;&nbsp;&nbsp;&nbsp;&nbsp;&nbsp;&nbsp; Invitar a la sociedad civil y\nuniversidades a participar en las reuniones de la Comisi\u00f3n Bicameral y a\ndesignar coordinadores de enlace para el Comit\u00e9 de Contenci\u00f3n del Coronavirus. <\/p>\n\n\n\n<p>c.&nbsp;&nbsp;&nbsp;&nbsp;&nbsp;&nbsp;&nbsp;&nbsp; Desarrollar sistemas de expediente\nelectr\u00f3nico en los municipios <\/p>\n\n\n\n<p>d.&nbsp;&nbsp;&nbsp;&nbsp;&nbsp;&nbsp;&nbsp;&nbsp; Elaboraci\u00f3n de un informe integrador\n\u00fanico por parte del Tribunal de Cuentas y\/o Fiscal\u00eda de Estado sobre los\nresultados de la ejecuci\u00f3n del presupuesto destinado a hacer frente a la crisis\n<\/p>\n\n\n\n<p>e.&nbsp;&nbsp;&nbsp;&nbsp;&nbsp;&nbsp;&nbsp;&nbsp; Crear canales virtuales de denuncia\nan\u00f3nima para los funcionarios y la ciudadan\u00eda en la Oficina de Investigaciones\nAdministrativas y \u00c9tica P\u00fablica, el Tribunal de Cuentas, la Fiscal\u00eda de Estado\ny la DGCPyGB. <\/p>\n\n\n\n<p><strong><em>Y<\/em><\/strong> <strong><em>a las siguientes Conclusiones:<\/em><\/strong><\/p>\n\n\n\n<ol class=\"wp-block-list\"><li>Las excepciones permitidas en una Emergencia son\nuna posibilidad y no una obligaci\u00f3n; su uso debe estar fundado y registrado <\/li><li>El portal de compras p\u00fablicas COMPR.AR cumple con\nest\u00e1ndares internacionales de transparencia <\/li><li>Los municipios, en general, tienen un importante\ncamino a recorrer para dotar de mayor transparencia sus procesos de compras\np\u00fablicas, y la adopci\u00f3n del portal COMPRA.AR puede ser una propuesta\ninteresante <\/li><li>El uso generalizado de la contrataci\u00f3n directa\ndemanda mayores est\u00e1ndares de transparencia y mecanismos de rendici\u00f3n de\ncuentas m\u00e1s robustos <\/li><li>La normativa implementada en Mendoza plantea\nmecanismos de control adecuados. <\/li><\/ol>\n\n\n\n<p>\u00a0Al finalizar la presentaci\u00f3n tuvo lugar un espacio de intercambio con los participantes, entre los que se encontraba el Director de Compras de la Provincia de Mendoza, qui\u00e9n agradeci\u00f3 el trabajo realizado y se comprometi\u00f3 a trabajar con los\/as autores del informe sobre las recomendaciones realizadas, en especial sobre la posibilidad de habilitar canales de denuncia Virtual y An\u00f3nima para posibles irregularidades en las compras p\u00fablicas. <\/p>\n\n\n\n<p><a href=\"https:\/\/nuestramendoza.org.ar\/nmendoza\/blog\/wp-content\/uploads\/2020\/06\/Compras-Pu%C3%ACblicas-en-Mendoza-durante-la-Emergencia-FINAL-1.pdf\" target=\"_blank\" rel=\"noreferrer noopener\" aria-label=\"El informe completo sobre Compras P\u00fablicas en Estado de Emergencia en Mendoza puede consultarlo aqu\u00ed. (abre en una nueva pesta\u00f1a)\">El informe completo sobre Compras P\u00fablicas en Estado de Emergencia en Mendoza puede consultarlo aqu\u00ed.<\/a><\/p>\n","protected":false},"excerpt":{"rendered":"<p>En el d\u00eda de hoy, Fundaci\u00f3n Nuestra Mendoza, el Centro Latinoamericano de Derechos Humanos y el Laboratorio de Transparencia de la Universidad de Mendoza, apoyados por el Programa Part\u00edcipes, Co-Financiado por la Uni\u00f3n Europea, presentaron p\u00fablicamente un documento elaborado sobre las compras p\u00fablicas en la Provincia de Mendoza luego de la declaraci\u00f3n de la emergencia sanitaria,social, administrativa y financiera. El informe analiza las disposiciones de [&hellip;]<\/p>\n","protected":false},"author":1,"featured_media":499,"comment_status":"open","ping_status":"open","sticky":false,"template":"","format":"standard","meta":{"footnotes":""},"categories":[1],"tags":[],"class_list":["post-496","post","type-post","status-publish","format-standard","has-post-thumbnail","hentry","category-noticias"],"_links":{"self":[{"href":"https:\/\/nuestramendoza.org.ar\/nmendoza\/blog\/wp-json\/wp\/v2\/posts\/496","targetHints":{"allow":["GET"]}}],"collection":[{"href":"https:\/\/nuestramendoza.org.ar\/nmendoza\/blog\/wp-json\/wp\/v2\/posts"}],"about":[{"href":"https:\/\/nuestramendoza.org.ar\/nmendoza\/blog\/wp-json\/wp\/v2\/types\/post"}],"author":[{"embeddable":true,"href":"https:\/\/nuestramendoza.org.ar\/nmendoza\/blog\/wp-json\/wp\/v2\/users\/1"}],"replies":[{"embeddable":true,"href":"https:\/\/nuestramendoza.org.ar\/nmendoza\/blog\/wp-json\/wp\/v2\/comments?post=496"}],"version-history":[{"count":1,"href":"https:\/\/nuestramendoza.org.ar\/nmendoza\/blog\/wp-json\/wp\/v2\/posts\/496\/revisions"}],"predecessor-version":[{"id":500,"href":"https:\/\/nuestramendoza.org.ar\/nmendoza\/blog\/wp-json\/wp\/v2\/posts\/496\/revisions\/500"}],"wp:featuredmedia":[{"embeddable":true,"href":"https:\/\/nuestramendoza.org.ar\/nmendoza\/blog\/wp-json\/wp\/v2\/media\/499"}],"wp:attachment":[{"href":"https:\/\/nuestramendoza.org.ar\/nmendoza\/blog\/wp-json\/wp\/v2\/media?parent=496"}],"wp:term":[{"taxonomy":"category","embeddable":true,"href":"https:\/\/nuestramendoza.org.ar\/nmendoza\/blog\/wp-json\/wp\/v2\/categories?post=496"},{"taxonomy":"post_tag","embeddable":true,"href":"https:\/\/nuestramendoza.org.ar\/nmendoza\/blog\/wp-json\/wp\/v2\/tags?post=496"}],"curies":[{"name":"wp","href":"https:\/\/api.w.org\/{rel}","templated":true}]}}