{"id":438,"date":"2020-03-28T16:30:19","date_gmt":"2020-03-28T19:30:19","guid":{"rendered":"http:\/\/nuestramendoza.org.ar\/nmendoza\/blog\/?p=438"},"modified":"2020-03-28T16:37:15","modified_gmt":"2020-03-28T19:37:15","slug":"maipu-presento-su-plan-de-metas-2020","status":"publish","type":"post","link":"https:\/\/nuestramendoza.org.ar\/nmendoza\/blog\/maipu-presento-su-plan-de-metas-2020\/","title":{"rendered":"Maip\u00fa present\u00f3 su Plan de Metas 2020"},"content":{"rendered":"\n<p>El d\u00eda s\u00e1bado 14 de marzo, sin realizar un acto masivo y\nrespetando las medidas preventivas para evitar la propagaci\u00f3n del Coronavirus,\nel Intendente de Maip\u00fa, Mat\u00edas Stevanato, dio Inicio al Per\u00edodo de Sesiones Ordinarias\n2020 y present\u00f3 el nuevo Plan de Metas ;&nbsp;\ndando cumplimiento a la Ordenanza Municipal que as\u00ed lo establece.<\/p>\n\n\n\n<div class=\"wp-block-image\"><figure class=\"alignleft is-resized\"><img loading=\"lazy\" decoding=\"async\" src=\"https:\/\/i2.wp.com\/nuestramendoza.org.ar\/nmendoza\/blog\/wp-content\/uploads\/2020\/03\/cadena-l\u00f3gica-de-planificacion.png?fit=1024%2C301&amp;ssl=1\" alt=\"\" class=\"wp-image-441\" width=\"362\" height=\"106\" srcset=\"https:\/\/nuestramendoza.org.ar\/nmendoza\/blog\/wp-content\/uploads\/2020\/03\/cadena-l\u00f3gica-de-planificacion.png 1134w, https:\/\/nuestramendoza.org.ar\/nmendoza\/blog\/wp-content\/uploads\/2020\/03\/cadena-l\u00f3gica-de-planificacion-300x88.png 300w, https:\/\/nuestramendoza.org.ar\/nmendoza\/blog\/wp-content\/uploads\/2020\/03\/cadena-l\u00f3gica-de-planificacion-768x226.png 768w, https:\/\/nuestramendoza.org.ar\/nmendoza\/blog\/wp-content\/uploads\/2020\/03\/cadena-l\u00f3gica-de-planificacion-1024x301.png 1024w\" sizes=\"auto, (max-width: 362px) 100vw, 362px\" \/><\/figure><\/div>\n\n\n\n<p>A trav\u00e9s del Plan de Metas el Gobierno Informa a los\/las\nciudadanas\/os cu\u00e1les son los objetivos que se propone alcanzar, las metas a\ncumplir y los proyectos a ejecutar, permitiendo a la ciudadan\u00eda estar m\u00e1s\ninformado respecto al desempe\u00f1o de la gesti\u00f3n y brind\u00e1ndole herramientas que le\npermitan monitorear, discutir y realizar aportes a la Gesti\u00f3n de Gobierno.<\/p>\n\n\n\n<p>El Plan de Metas 2020 se estructur\u00f3 en 4 ejes, y cada uno de\nellos tiene diferentes Objetivos y Metas. Los Ejes planteados son:<\/p>\n\n\n\n<ul class=\"wp-block-list\"><li>Maip\u00fa Equitativo e Inclusivo<\/li><li>Maip\u00fa Competitivo<\/li><li>Maip\u00fa Nuevo Gobierno<\/li><li>Maip\u00fa Sostenible<\/li><\/ul>\n\n\n\n<p>Para el desarrollo del Plan de Metas 2020, y para avanzar en\nel proceso de Apertura de Gobierno de este municipio, durante el mes de Enero, m\u00e1s\nde 60 funcionarios de la Municipalidad de Maip\u00fa fueron capacitados, por\nFundaci\u00f3n Nuestra Mendoza, en Planes de Metas.<\/p>\n","protected":false},"excerpt":{"rendered":"<p>El d\u00eda s\u00e1bado 14 de marzo, sin realizar un acto masivo y respetando las medidas preventivas para evitar la propagaci\u00f3n del Coronavirus, el Intendente de Maip\u00fa, Mat\u00edas Stevanato, dio Inicio al Per\u00edodo de Sesiones Ordinarias 2020 y present\u00f3 el nuevo Plan de Metas ;&nbsp; dando cumplimiento a la Ordenanza Municipal que as\u00ed lo establece. A trav\u00e9s del Plan de Metas el Gobierno Informa a los\/las [&hellip;]<\/p>\n","protected":false},"author":1,"featured_media":439,"comment_status":"open","ping_status":"open","sticky":false,"template":"","format":"standard","meta":{"footnotes":""},"categories":[14,96,68,12,97],"tags":[],"class_list":["post-438","post","type-post","status-publish","format-standard","has-post-thumbnail","hentry","category-ciudadania","category-maipu","category-participacion","category-plan-de-metas","category-prensa"],"_links":{"self":[{"href":"https:\/\/nuestramendoza.org.ar\/nmendoza\/blog\/wp-json\/wp\/v2\/posts\/438","targetHints":{"allow":["GET"]}}],"collection":[{"href":"https:\/\/nuestramendoza.org.ar\/nmendoza\/blog\/wp-json\/wp\/v2\/posts"}],"about":[{"href":"https:\/\/nuestramendoza.org.ar\/nmendoza\/blog\/wp-json\/wp\/v2\/types\/post"}],"author":[{"embeddable":true,"href":"https:\/\/nuestramendoza.org.ar\/nmendoza\/blog\/wp-json\/wp\/v2\/users\/1"}],"replies":[{"embeddable":true,"href":"https:\/\/nuestramendoza.org.ar\/nmendoza\/blog\/wp-json\/wp\/v2\/comments?post=438"}],"version-history":[{"count":2,"href":"https:\/\/nuestramendoza.org.ar\/nmendoza\/blog\/wp-json\/wp\/v2\/posts\/438\/revisions"}],"predecessor-version":[{"id":442,"href":"https:\/\/nuestramendoza.org.ar\/nmendoza\/blog\/wp-json\/wp\/v2\/posts\/438\/revisions\/442"}],"wp:featuredmedia":[{"embeddable":true,"href":"https:\/\/nuestramendoza.org.ar\/nmendoza\/blog\/wp-json\/wp\/v2\/media\/439"}],"wp:attachment":[{"href":"https:\/\/nuestramendoza.org.ar\/nmendoza\/blog\/wp-json\/wp\/v2\/media?parent=438"}],"wp:term":[{"taxonomy":"category","embeddable":true,"href":"https:\/\/nuestramendoza.org.ar\/nmendoza\/blog\/wp-json\/wp\/v2\/categories?post=438"},{"taxonomy":"post_tag","embeddable":true,"href":"https:\/\/nuestramendoza.org.ar\/nmendoza\/blog\/wp-json\/wp\/v2\/tags?post=438"}],"curies":[{"name":"wp","href":"https:\/\/api.w.org\/{rel}","templated":true}]}}