{"id":423,"date":"2020-03-27T13:39:43","date_gmt":"2020-03-27T16:39:43","guid":{"rendered":"http:\/\/nuestramendoza.org.ar\/nmendoza\/blog\/?p=423"},"modified":"2020-03-28T16:14:37","modified_gmt":"2020-03-28T19:14:37","slug":"en-que-estaremos-trabajando-este-ano-en-nuestra-mendoza-nm","status":"publish","type":"post","link":"https:\/\/nuestramendoza.org.ar\/nmendoza\/blog\/en-que-estaremos-trabajando-este-ano-en-nuestra-mendoza-nm\/","title":{"rendered":"\u00bfEn qu\u00e9 estaremos trabajando este a\u00f1o en Nuestra Mendoza (NM)?"},"content":{"rendered":"\n<p> En tiempos de pandemia de Coronavirus y aislamiento social, desde Nuestra Mendoza, redoblamos nuestros esfuerzos para <strong>fortalecer a la sociedad civil y la participaci\u00f3n ciudadana<\/strong>. <\/p>\n\n\n\n<p>En este sentido, hay dos grandes desaf\u00edos que atraviesan nuestras acciones. E<strong>stos desaf\u00edos tienen que ver con mejorar los mecanismos de Rendici\u00f3n de Cuentas de los diferentes Gobiernos y con fortalecer a la Sociedad Civil<\/strong>, para la incidencia en la agenda gubernamental, la participaci\u00f3n en espacios institucionalizados y el monitoreo de Pol\u00edticas P\u00fablicas.<\/p>\n\n\n\n<p>El contexto que hoy nos\natraviesa, marcado por una Pandemia, no pone frente al gran desaf\u00edo de repensar\nnuestro Plan de trabajo y adaptarlo a las necesidades y posibilidades que hoy\nexisten en los territorios d\u00f3nde nos toca operar.<\/p>\n\n\n\n<p>A partir de esto estamos\ndise\u00f1ando alternativas que nos permitan acompa\u00f1ar a los diferentes gobiernos\n(Municipales, Provincial y Nacional) en sus procesos de apertura y en realizar\npropuestas que los ayuden a incorporar y\/o mejorar los mecanismos e instancias\nde Participaci\u00f3n Ciudadana y Rendici\u00f3n de Cuentas en sus gestiones.<\/p>\n\n\n\n<p>Pero desde NM no \u00fanicamente\nestaremos trabajando con los gobiernos, ya que consideramos que para que las\ndiferentes instancias de participaci\u00f3n ciudadana y rendici\u00f3n de cuenta que se\nhabiliten sean realmente espacios que contribuyan al fortalecimiento\ndemocr\u00e1tico, es fundamental brindar a la ciudadan\u00eda, adem\u00e1s de la informaci\u00f3n,\nlas capacidades necesarias para hacer uso de las mismas, y es por esto que\nhemos planificado diferentes acciones poniendo especial \u00e9nfasis en algunas\npoblaciones cuyos derechos ciudadanos consideramos que est\u00e1n, y que han estado,\nm\u00e1s postergados.<\/p>\n\n\n\n<p>Por \u00faltimo, y buscando contribuir\nal fortalecimiento de las Instituciones Democr\u00e1ticas, es que estaremos abordando\nalgunas acciones vinculadas al combate de la corrupci\u00f3n y tambi\u00e9n estaremos discutiendo\ny analizando las bondades y debilidades que tienen la Boleta \u00danica y la Lista\nS\u00e1bana como mecanismos de emisi\u00f3n de voto; tratando de entender cu\u00e1l es el\nmecanismo m\u00e1s apropiado para nuestra provincia y los departamentos que la\ncomponen.<\/p>\n","protected":false},"excerpt":{"rendered":"<p>En tiempos de pandemia de Coronavirus y aislamiento social, desde Nuestra Mendoza, redoblamos nuestros esfuerzos para fortalecer a la sociedad civil y la participaci\u00f3n ciudadana. En este sentido, hay dos grandes desaf\u00edos que atraviesan nuestras acciones. Estos desaf\u00edos tienen que ver con mejorar los mecanismos de Rendici\u00f3n de Cuentas de los diferentes Gobiernos y con fortalecer a la Sociedad Civil, para la incidencia en la [&hellip;]<\/p>\n","protected":false},"author":1,"featured_media":387,"comment_status":"open","ping_status":"open","sticky":false,"template":"","format":"standard","meta":{"footnotes":""},"categories":[7,14,94,52,68,12,97,8],"tags":[],"class_list":["post-423","post","type-post","status-publish","format-standard","has-post-thumbnail","hentry","category-acceso-a-la-informacion-publica","category-ciudadania","category-corrupcion","category-equidad","category-participacion","category-plan-de-metas","category-prensa","category-transparencia"],"_links":{"self":[{"href":"https:\/\/nuestramendoza.org.ar\/nmendoza\/blog\/wp-json\/wp\/v2\/posts\/423","targetHints":{"allow":["GET"]}}],"collection":[{"href":"https:\/\/nuestramendoza.org.ar\/nmendoza\/blog\/wp-json\/wp\/v2\/posts"}],"about":[{"href":"https:\/\/nuestramendoza.org.ar\/nmendoza\/blog\/wp-json\/wp\/v2\/types\/post"}],"author":[{"embeddable":true,"href":"https:\/\/nuestramendoza.org.ar\/nmendoza\/blog\/wp-json\/wp\/v2\/users\/1"}],"replies":[{"embeddable":true,"href":"https:\/\/nuestramendoza.org.ar\/nmendoza\/blog\/wp-json\/wp\/v2\/comments?post=423"}],"version-history":[{"count":4,"href":"https:\/\/nuestramendoza.org.ar\/nmendoza\/blog\/wp-json\/wp\/v2\/posts\/423\/revisions"}],"predecessor-version":[{"id":435,"href":"https:\/\/nuestramendoza.org.ar\/nmendoza\/blog\/wp-json\/wp\/v2\/posts\/423\/revisions\/435"}],"wp:featuredmedia":[{"embeddable":true,"href":"https:\/\/nuestramendoza.org.ar\/nmendoza\/blog\/wp-json\/wp\/v2\/media\/387"}],"wp:attachment":[{"href":"https:\/\/nuestramendoza.org.ar\/nmendoza\/blog\/wp-json\/wp\/v2\/media?parent=423"}],"wp:term":[{"taxonomy":"category","embeddable":true,"href":"https:\/\/nuestramendoza.org.ar\/nmendoza\/blog\/wp-json\/wp\/v2\/categories?post=423"},{"taxonomy":"post_tag","embeddable":true,"href":"https:\/\/nuestramendoza.org.ar\/nmendoza\/blog\/wp-json\/wp\/v2\/tags?post=423"}],"curies":[{"name":"wp","href":"https:\/\/api.w.org\/{rel}","templated":true}]}}