{"id":418,"date":"2020-01-29T13:29:53","date_gmt":"2020-01-29T16:29:53","guid":{"rendered":"http:\/\/nuestramendoza.org.ar\/nmendoza\/blog\/?p=418"},"modified":"2020-01-29T13:29:53","modified_gmt":"2020-01-29T16:29:53","slug":"fundacion-nuestra-mendoza-y-el-municipio-de-maipu-planifican-juntos","status":"publish","type":"post","link":"https:\/\/nuestramendoza.org.ar\/nmendoza\/blog\/fundacion-nuestra-mendoza-y-el-municipio-de-maipu-planifican-juntos\/","title":{"rendered":"Fundaci\u00f3n Nuestra Mendoza y el Municipio de Maip\u00fa planifican juntos"},"content":{"rendered":"\n<h3 class=\"wp-block-heading\"><em>El\nobjetivo es habilitar un espacio de trabajo y fortalecimiento interno del\nequipo de la Municipalidad, orientado a nuevas formas de gesti\u00f3n p\u00fablica.<\/em><\/h3>\n\n\n\n<figure class=\"wp-block-image\"><img loading=\"lazy\" decoding=\"async\" width=\"1280\" height=\"831\" src=\"https:\/\/i2.wp.com\/nuestramendoza.org.ar\/nmendoza\/blog\/wp-content\/uploads\/2020\/01\/IMG-20200118-WA0012.jpg?fit=1024%2C665&amp;ssl=1\" alt=\"\" class=\"wp-image-419\" srcset=\"https:\/\/nuestramendoza.org.ar\/nmendoza\/blog\/wp-content\/uploads\/2020\/01\/IMG-20200118-WA0012.jpg 1280w, https:\/\/nuestramendoza.org.ar\/nmendoza\/blog\/wp-content\/uploads\/2020\/01\/IMG-20200118-WA0012-300x195.jpg 300w, https:\/\/nuestramendoza.org.ar\/nmendoza\/blog\/wp-content\/uploads\/2020\/01\/IMG-20200118-WA0012-768x499.jpg 768w, https:\/\/nuestramendoza.org.ar\/nmendoza\/blog\/wp-content\/uploads\/2020\/01\/IMG-20200118-WA0012-1024x665.jpg 1024w\" sizes=\"auto, (max-width: 1280px) 100vw, 1280px\" \/><\/figure>\n\n\n\n<p>La <strong>Fundaci\u00f3n Nuestra Mendoza<\/strong> dict\u00f3 una jornada de capacitaci\u00f3n para\nfuncionarios y funcionarias de la Municipalidad de Maip\u00fa sobre <strong>Gobierno Abierto y Planes de Metas<\/strong>. <em>&#8220;Maip\u00fa est\u00e1 trabajando para optimizar\nla utilizaci\u00f3n de sus recursos y lograr pol\u00edticas eficientes y eficaces. Desde Nuestra\nMendoza acompa\u00f1amos este proceso que creemos fundamental para la mejora de la\nvida de los ciudadanos&#8221;<\/em>, explic\u00f3 el Lic. Facundo Heras, Director\nEjecutivo de la Fundaci\u00f3n. <\/p>\n\n\n\n<p>El objetivo del encuentro\nfue generar un espacio de puesta de di\u00e1logo y construcci\u00f3n colectiva del plan\nde gobierno y compartir entre los miembros del equipo de gesti\u00f3n los distintos\ndocumentos sobre los cuales se apoyan los ejes: <strong>Plan de Ordenamiento Territorial y Plan Estrat\u00e9gico Maip\u00fa 2030<\/strong>. <em>&#8220;Ponemos en foco la tarea cotidiana\npara alcanzar metas enlazadas a los objetivos de un&nbsp; municipio orientado a las demandas\nciudadanas\u201d<\/em>, detall\u00f3 Alejandro Giannella, responsable de Territorio de\nNuestra Mendoza.<\/p>\n\n\n\n<p>&#8220;<em>El ciudadano es el centro de las pol\u00edticas p\u00fablicas de la gesti\u00f3n que\nencabeza Mat\u00edas Stevanato&#8221;<\/em>, afirm\u00f3 Sergio Mangione, Jefe de Gabinete\nMunicipio de Maip\u00fa. Para ello, la capacitaci\u00f3n se bas\u00f3 en brindar herramientas\nque permitan al municipio una planificaci\u00f3n de la Gesti\u00f3n de Gobierno m\u00e1s\narticulada, inclusiva, transparente y democr\u00e1tica; mejorando la eficiencia y eficacia\nde las Pol\u00edticas P\u00fablicas que lleve adelante. <\/p>\n\n\n\n<h4 class=\"wp-block-heading\"><strong>Sobre\nNuestra Mendoza<\/strong><\/h4>\n\n\n\n<p>Fundaci\u00f3n Nuestra Mendoza es\nun espacio ciudadano no partidario que busca contribuir a transformar la\nprovincia en un lugar social, pol\u00edtica, econ\u00f3mica y ambientalmente sostenible.\nCon gobiernos m\u00e1s efectivos y transparentes, y ciudadanos informados,\nresponsables y participativos. Con dicho fin, trabaja junto a municipios y\norganizaciones de la sociedad civil. <\/p>\n","protected":false},"excerpt":{"rendered":"<p>El objetivo es habilitar un espacio de trabajo y fortalecimiento interno del equipo de la Municipalidad, orientado a nuevas formas de gesti\u00f3n p\u00fablica. La Fundaci\u00f3n Nuestra Mendoza dict\u00f3 una jornada de capacitaci\u00f3n para funcionarios y funcionarias de la Municipalidad de Maip\u00fa sobre Gobierno Abierto y Planes de Metas. &#8220;Maip\u00fa est\u00e1 trabajando para optimizar la utilizaci\u00f3n de sus recursos y lograr pol\u00edticas eficientes y eficaces. Desde [&hellip;]<\/p>\n","protected":false},"author":1,"featured_media":420,"comment_status":"open","ping_status":"open","sticky":false,"template":"","format":"standard","meta":{"footnotes":""},"categories":[7,14,96,68,12,97,8],"tags":[],"class_list":["post-418","post","type-post","status-publish","format-standard","has-post-thumbnail","hentry","category-acceso-a-la-informacion-publica","category-ciudadania","category-maipu","category-participacion","category-plan-de-metas","category-prensa","category-transparencia"],"_links":{"self":[{"href":"https:\/\/nuestramendoza.org.ar\/nmendoza\/blog\/wp-json\/wp\/v2\/posts\/418","targetHints":{"allow":["GET"]}}],"collection":[{"href":"https:\/\/nuestramendoza.org.ar\/nmendoza\/blog\/wp-json\/wp\/v2\/posts"}],"about":[{"href":"https:\/\/nuestramendoza.org.ar\/nmendoza\/blog\/wp-json\/wp\/v2\/types\/post"}],"author":[{"embeddable":true,"href":"https:\/\/nuestramendoza.org.ar\/nmendoza\/blog\/wp-json\/wp\/v2\/users\/1"}],"replies":[{"embeddable":true,"href":"https:\/\/nuestramendoza.org.ar\/nmendoza\/blog\/wp-json\/wp\/v2\/comments?post=418"}],"version-history":[{"count":1,"href":"https:\/\/nuestramendoza.org.ar\/nmendoza\/blog\/wp-json\/wp\/v2\/posts\/418\/revisions"}],"predecessor-version":[{"id":421,"href":"https:\/\/nuestramendoza.org.ar\/nmendoza\/blog\/wp-json\/wp\/v2\/posts\/418\/revisions\/421"}],"wp:featuredmedia":[{"embeddable":true,"href":"https:\/\/nuestramendoza.org.ar\/nmendoza\/blog\/wp-json\/wp\/v2\/media\/420"}],"wp:attachment":[{"href":"https:\/\/nuestramendoza.org.ar\/nmendoza\/blog\/wp-json\/wp\/v2\/media?parent=418"}],"wp:term":[{"taxonomy":"category","embeddable":true,"href":"https:\/\/nuestramendoza.org.ar\/nmendoza\/blog\/wp-json\/wp\/v2\/categories?post=418"},{"taxonomy":"post_tag","embeddable":true,"href":"https:\/\/nuestramendoza.org.ar\/nmendoza\/blog\/wp-json\/wp\/v2\/tags?post=418"}],"curies":[{"name":"wp","href":"https:\/\/api.w.org\/{rel}","templated":true}]}}