{"id":399,"date":"2019-11-23T12:21:49","date_gmt":"2019-11-23T15:21:49","guid":{"rendered":"http:\/\/nuestramendoza.org.ar\/nmendoza\/blog\/?p=399"},"modified":"2019-12-05T13:36:51","modified_gmt":"2019-12-05T16:36:51","slug":"organizaciones-sociales-generan-una-agenda-ciudadana-para-las-nuevas-gestiones-de-gobierno","status":"publish","type":"post","link":"https:\/\/nuestramendoza.org.ar\/nmendoza\/blog\/organizaciones-sociales-generan-una-agenda-ciudadana-para-las-nuevas-gestiones-de-gobierno\/","title":{"rendered":"Organizaciones sociales generan una agenda ciudadana para las nuevas gestiones de Gobierno"},"content":{"rendered":"\n<p><strong>El Ciclo de Formaci\u00f3n &#8220;Construyendo una Agenda Ciudadana&#8221; es impulsado por Fundaci\u00f3n Nuestra Mendoza, en el marco del Programa Part\u00edcipes<\/strong>, y busca generar un espacio de di\u00e1logo y acuerdo entre organizaciones de la Sociedad Civil, para la identificaci\u00f3n de problem\u00e1ticas comunes que consideran prioritarias a ser abordadas por los Gobiernos.<\/p>\n\n\n\n<figure class=\"wp-block-image is-resized\"><img loading=\"lazy\" decoding=\"async\" src=\"https:\/\/i1.wp.com\/nuestramendoza.org.ar\/nmendoza\/blog\/wp-content\/uploads\/2019\/11\/20191115_125401.jpg?fit=1024%2C498\" alt=\"\" class=\"wp-image-400\" width=\"588\" height=\"286\" srcset=\"https:\/\/nuestramendoza.org.ar\/nmendoza\/blog\/wp-content\/uploads\/2019\/11\/20191115_125401.jpg 4128w, https:\/\/nuestramendoza.org.ar\/nmendoza\/blog\/wp-content\/uploads\/2019\/11\/20191115_125401-300x146.jpg 300w, https:\/\/nuestramendoza.org.ar\/nmendoza\/blog\/wp-content\/uploads\/2019\/11\/20191115_125401-768x373.jpg 768w, https:\/\/nuestramendoza.org.ar\/nmendoza\/blog\/wp-content\/uploads\/2019\/11\/20191115_125401-1024x498.jpg 1024w\" sizes=\"auto, (max-width: 588px) 100vw, 588px\" \/><figcaption>Mapeo de problem\u00e1ticas relacionadas con el desarrollo sustentable de Mendoza. <\/figcaption><\/figure>\n\n\n\n<p>Este Ciclo espera tener como producto una Agenda Ciudadana que sirva como <strong>aporte a las gestiones de Gobierno<\/strong> para mejorar la calidad de vida de la ciudadan\u00eda mendocina.<\/p>\n\n\n\n<p>En el primer Encuentro se plantearon cuatro grandes ejes a abordar: Buen Gobierno, Inclusi\u00f3n y Equidad y Desarrollo Urbano Sostenible.<\/p>\n\n\n\n<p>A partir de esto, cada uno de los presentes decidieron de que espacios quer\u00edan participar y acordaron que temas se abordar\u00edan al interior de cada uno de ellos, dando como resultado lo siguiente:<\/p>\n\n\n\n<ul class=\"wp-block-list\"><li>Buen Gobierno: Participaci\u00f3n Ciudadana.<\/li><li>Inclusi\u00f3n y Equidad: Acceso a la Educaci\u00f3n de Personas con Discapacidad.<\/li><li>Desarrollo Urbano Sostenible: Acceso a servicios de agua, cloaca y luz.<\/li><\/ul>\n\n\n\n<p>Los Encuentros son Talleres te\u00f3rico \u2013pr\u00e1cticos y buscan, adem\u00e1s de la identificaci\u00f3n de algunos puntos de inter\u00e9s comunes, aportar herramientas a las organizaciones a fin de que puedan trabajarlas en sus territorios.<\/p>\n\n\n\n<p>La construcci\u00f3n de una Agenda Ciudadana a trav\u00e9s de este ciclo de Encuentros apunta a ser una experiencia piloto que siente bases para seguir trabajando, desde las Organizaciones Sociales, en propuestas d que favorezcan el di\u00e1logo interactoral y mejoren la calidad de vida de quienes viven en Mendoza.<\/p>\n\n\n\n<p>El \u00faltimo encuentro se realizar\u00e1 el viernes 29 de Noviembre en las salsas 1 y 2 del nuevo edificio de la Legislatura (entrada por calle Sarmiento).<\/p>\n","protected":false},"excerpt":{"rendered":"<p>El Ciclo de Formaci\u00f3n &#8220;Construyendo una Agenda Ciudadana&#8221; es impulsado por Fundaci\u00f3n Nuestra Mendoza, en el marco del Programa Part\u00edcipes, y busca generar un espacio de di\u00e1logo y acuerdo entre organizaciones de la Sociedad Civil, para la identificaci\u00f3n de problem\u00e1ticas comunes que consideran prioritarias a ser abordadas por los Gobiernos. Este Ciclo espera tener como producto una Agenda Ciudadana que sirva como aporte a las [&hellip;]<\/p>\n","protected":false},"author":1,"featured_media":406,"comment_status":"open","ping_status":"open","sticky":false,"template":"","format":"standard","meta":{"footnotes":""},"categories":[7,14,52,51,83,68,12,8],"tags":[15,92,55,37,63,60,93,5,62],"class_list":["post-399","post","type-post","status-publish","format-standard","has-post-thumbnail","hentry","category-acceso-a-la-informacion-publica","category-ciudadania","category-equidad","category-genero","category-osc","category-participacion","category-plan-de-metas","category-transparencia","tag-acceso-a-la-informacion-publica","tag-argentina","tag-gobierno","tag-mendoza","tag-organizaciones","tag-participacion","tag-participes","tag-plan-de-metas","tag-union-europea"],"_links":{"self":[{"href":"https:\/\/nuestramendoza.org.ar\/nmendoza\/blog\/wp-json\/wp\/v2\/posts\/399","targetHints":{"allow":["GET"]}}],"collection":[{"href":"https:\/\/nuestramendoza.org.ar\/nmendoza\/blog\/wp-json\/wp\/v2\/posts"}],"about":[{"href":"https:\/\/nuestramendoza.org.ar\/nmendoza\/blog\/wp-json\/wp\/v2\/types\/post"}],"author":[{"embeddable":true,"href":"https:\/\/nuestramendoza.org.ar\/nmendoza\/blog\/wp-json\/wp\/v2\/users\/1"}],"replies":[{"embeddable":true,"href":"https:\/\/nuestramendoza.org.ar\/nmendoza\/blog\/wp-json\/wp\/v2\/comments?post=399"}],"version-history":[{"count":1,"href":"https:\/\/nuestramendoza.org.ar\/nmendoza\/blog\/wp-json\/wp\/v2\/posts\/399\/revisions"}],"predecessor-version":[{"id":401,"href":"https:\/\/nuestramendoza.org.ar\/nmendoza\/blog\/wp-json\/wp\/v2\/posts\/399\/revisions\/401"}],"wp:featuredmedia":[{"embeddable":true,"href":"https:\/\/nuestramendoza.org.ar\/nmendoza\/blog\/wp-json\/wp\/v2\/media\/406"}],"wp:attachment":[{"href":"https:\/\/nuestramendoza.org.ar\/nmendoza\/blog\/wp-json\/wp\/v2\/media?parent=399"}],"wp:term":[{"taxonomy":"category","embeddable":true,"href":"https:\/\/nuestramendoza.org.ar\/nmendoza\/blog\/wp-json\/wp\/v2\/categories?post=399"},{"taxonomy":"post_tag","embeddable":true,"href":"https:\/\/nuestramendoza.org.ar\/nmendoza\/blog\/wp-json\/wp\/v2\/tags?post=399"}],"curies":[{"name":"wp","href":"https:\/\/api.w.org\/{rel}","templated":true}]}}