{"id":392,"date":"2019-11-14T01:57:45","date_gmt":"2019-11-14T04:57:45","guid":{"rendered":"http:\/\/nuestramendoza.org.ar\/nmendoza\/blog\/?p=392"},"modified":"2019-11-14T01:59:38","modified_gmt":"2019-11-14T04:59:38","slug":"continua-el-ciclo-de-formacion-para-osc","status":"publish","type":"post","link":"https:\/\/nuestramendoza.org.ar\/nmendoza\/blog\/continua-el-ciclo-de-formacion-para-osc\/","title":{"rendered":"Contin\u00faa el Ciclo de Formaci\u00f3n para Osc"},"content":{"rendered":"\n<h3 class=\"wp-block-heading\">Es gratuito y se dicta todos los viernes de noviembre en el nuevo edificio de la Legislatura de Mendoza. <\/h3>\n\n\n\n<div class=\"wp-block-image\"><figure class=\"alignleft is-resized\"><img loading=\"lazy\" decoding=\"async\" src=\"https:\/\/nuestramendoza.org.ar\/nmendoza\/blog\/wp-content\/uploads\/2019\/11\/curso-de-formacion.png\" alt=\"\" class=\"wp-image-393\" width=\"350\" height=\"350\" srcset=\"https:\/\/nuestramendoza.org.ar\/nmendoza\/blog\/wp-content\/uploads\/2019\/11\/curso-de-formacion.png 800w, https:\/\/nuestramendoza.org.ar\/nmendoza\/blog\/wp-content\/uploads\/2019\/11\/curso-de-formacion-150x150.png 150w, https:\/\/nuestramendoza.org.ar\/nmendoza\/blog\/wp-content\/uploads\/2019\/11\/curso-de-formacion-300x300.png 300w, https:\/\/nuestramendoza.org.ar\/nmendoza\/blog\/wp-content\/uploads\/2019\/11\/curso-de-formacion-768x768.png 768w\" sizes=\"auto, (max-width: 350px) 100vw, 350px\" \/><\/figure><\/div>\n\n\n\n<p>Desde el viernes 8 y hasta el 29 de noviembre inclusive, se llevar\u00e1 a cabo el <strong>Ciclo de Formaci\u00f3n para OSC &#8220;Constryendo una Agenda Ciudadana&#8221;.<\/strong> El objetivo es encontrar las problem\u00e1ticas en com\u00fan en el territorio provincial y generar propuestas para darles soluci\u00f3n.  La inscripci\u00f3n es mediante <a href=\"https:\/\/forms.gle\/LPfxNnZLisnZjGmt5\" target=\"_blank\" rel=\"noreferrer noopener\" aria-label=\"este formulario (abre en una nueva pesta\u00f1a)\">este formulario<\/a>. Quienes no hayan concurrido a la primera jornada, a\u00fan est\u00e1n a tiempo de sumarse a las mesas de trabajo. <\/p>\n\n\n\n<div class=\"wp-block-image\"><figure class=\"aligncenter is-resized\"><img loading=\"lazy\" decoding=\"async\" src=\"https:\/\/i1.wp.com\/nuestramendoza.org.ar\/nmendoza\/blog\/wp-content\/uploads\/2019\/11\/20191108_120806-1.jpg?fit=1024%2C498&amp;ssl=1\" alt=\"\" class=\"wp-image-395\" width=\"458\" height=\"222\"\/><\/figure><\/div>\n\n\n\n<p>El viernes 8 de noviembre se realiz\u00f3 el primer encuentro y se definieron tres ejes para trabajar:<\/p>\n\n\n\n<p><strong>1. Desarrollo Urbano Sostenible:&nbsp;<\/strong>con abordaje desde la Ley de Ordenamiento Territorial, y enfocado en la inclusi\u00f3n y la equidad social. <br> &#8211; Residuos s\u00f3lidos urbanos e inclusi\u00f3n social.&nbsp;<br> &#8211; Saneamiento y acceso a servicios b\u00e1sicos.&nbsp;<br> &#8211; Transporte.<\/p>\n\n\n\n<p><strong>2. Buen gobierno:&nbsp;<\/strong><br> &#8211; Participaci\u00f3n.<\/p>\n\n\n\n<p>\n\n&#8211; Espacios institucionalizados.<br> &#8211; Herramientas para una participaci\u00f3n con alta calidad democr\u00e1tica. <br> &#8211; Incorporaci\u00f3n de nuevos actores en los espacios de participaci\u00f3n. \n\n<\/p>\n\n\n\n<p><strong>3. Equidad:&nbsp;<\/strong><br>\n&#8211; C\u00f3mo mejorar los niveles de inclusi\u00f3n por genero y edad. &nbsp;<br>\n&#8211; Acceso a la educaci\u00f3n. <\/p>\n\n\n\n<p>Los pr\u00f3ximos encuentros ser\u00e1n los viernes 15, 22 y 29 de noviembre, de 9 a 13h. en el nuevo edificio de la Legislatura de Mendoza (entrada por calle Sarmiento), salas 1 y 2 NAL. <\/p>\n\n\n\n<p><\/p>\n","protected":false},"excerpt":{"rendered":"<p>Es gratuito y se dicta todos los viernes de noviembre en el nuevo edificio de la Legislatura de Mendoza. Desde el viernes 8 y hasta el 29 de noviembre inclusive, se llevar\u00e1 a cabo el Ciclo de Formaci\u00f3n para OSC &#8220;Constryendo una Agenda Ciudadana&#8221;. El objetivo es encontrar las problem\u00e1ticas en com\u00fan en el territorio provincial y generar propuestas para darles soluci\u00f3n. La inscripci\u00f3n es [&hellip;]<\/p>\n","protected":false},"author":1,"featured_media":394,"comment_status":"open","ping_status":"open","sticky":false,"template":"","format":"standard","meta":{"footnotes":""},"categories":[1],"tags":[],"class_list":["post-392","post","type-post","status-publish","format-standard","has-post-thumbnail","hentry","category-noticias"],"_links":{"self":[{"href":"https:\/\/nuestramendoza.org.ar\/nmendoza\/blog\/wp-json\/wp\/v2\/posts\/392","targetHints":{"allow":["GET"]}}],"collection":[{"href":"https:\/\/nuestramendoza.org.ar\/nmendoza\/blog\/wp-json\/wp\/v2\/posts"}],"about":[{"href":"https:\/\/nuestramendoza.org.ar\/nmendoza\/blog\/wp-json\/wp\/v2\/types\/post"}],"author":[{"embeddable":true,"href":"https:\/\/nuestramendoza.org.ar\/nmendoza\/blog\/wp-json\/wp\/v2\/users\/1"}],"replies":[{"embeddable":true,"href":"https:\/\/nuestramendoza.org.ar\/nmendoza\/blog\/wp-json\/wp\/v2\/comments?post=392"}],"version-history":[{"count":2,"href":"https:\/\/nuestramendoza.org.ar\/nmendoza\/blog\/wp-json\/wp\/v2\/posts\/392\/revisions"}],"predecessor-version":[{"id":397,"href":"https:\/\/nuestramendoza.org.ar\/nmendoza\/blog\/wp-json\/wp\/v2\/posts\/392\/revisions\/397"}],"wp:featuredmedia":[{"embeddable":true,"href":"https:\/\/nuestramendoza.org.ar\/nmendoza\/blog\/wp-json\/wp\/v2\/media\/394"}],"wp:attachment":[{"href":"https:\/\/nuestramendoza.org.ar\/nmendoza\/blog\/wp-json\/wp\/v2\/media?parent=392"}],"wp:term":[{"taxonomy":"category","embeddable":true,"href":"https:\/\/nuestramendoza.org.ar\/nmendoza\/blog\/wp-json\/wp\/v2\/categories?post=392"},{"taxonomy":"post_tag","embeddable":true,"href":"https:\/\/nuestramendoza.org.ar\/nmendoza\/blog\/wp-json\/wp\/v2\/tags?post=392"}],"curies":[{"name":"wp","href":"https:\/\/api.w.org\/{rel}","templated":true}]}}