{"id":384,"date":"2019-09-12T13:07:15","date_gmt":"2019-09-12T16:07:15","guid":{"rendered":"http:\/\/nuestramendoza.org.ar\/nmendoza\/blog\/?p=384"},"modified":"2019-09-12T13:10:42","modified_gmt":"2019-09-12T16:10:42","slug":"mas-de-160-referentes-de-organizaciones-sociales-de-la-region-se-reunieron-en-mendoza","status":"publish","type":"post","link":"https:\/\/nuestramendoza.org.ar\/nmendoza\/blog\/mas-de-160-referentes-de-organizaciones-sociales-de-la-region-se-reunieron-en-mendoza\/","title":{"rendered":"M\u00e1s de 160 referentes de organizaciones sociales de la regi\u00f3n se reunieron en Mendoza"},"content":{"rendered":"\n<p><em>Convocados por\nFundaci\u00f3n Nuestra Mendoza, en el marco del proyecto Sociedad Civil en Red, m\u00e1s\nde 160 integrantes de organizaciones sociales de Mendoza, San Luis y San Juan\nparticiparon de una jornada para crear redes de trabajo.<\/em><\/p>\n\n\n\n<p>El martes 10 de septiembre <strong>m\u00e1s de 160 referentes de Organizaciones de la Sociedad Civil<\/strong> (OSC) se reunieron en la Nave Cultural para conocerse y trazar modos de articular entre s\u00ed, a fin de <strong>trazar una red colaborativa que potencie el trabajo a nivel regional<\/strong>. El encuentro fue parte del Proyecto <strong>\u201cSociedad Civil en Red\u201d<\/strong>, implementado en la Provincia por <strong>Fundaci\u00f3n Nuestra Mendoza<\/strong>, en el marco del <strong>Programa Part\u00edcipes<\/strong>, con el financiamiento de la <strong>Uni\u00f3n Europea<\/strong>. <\/p>\n\n\n\n<p><\/p>\n\n\n\n<div class=\"wp-block-image\"><figure class=\"alignleft is-resized\"><img loading=\"lazy\" decoding=\"async\" src=\"https:\/\/i0.wp.com\/nuestramendoza.org.ar\/nmendoza\/blog\/wp-content\/uploads\/2019\/09\/Encuentro-Nuestro-Mendoza2.jpeg?fit=768%2C1024\" alt=\"\" class=\"wp-image-385\" width=\"174\" height=\"232\" srcset=\"https:\/\/nuestramendoza.org.ar\/nmendoza\/blog\/wp-content\/uploads\/2019\/09\/Encuentro-Nuestro-Mendoza2.jpeg 768w, https:\/\/nuestramendoza.org.ar\/nmendoza\/blog\/wp-content\/uploads\/2019\/09\/Encuentro-Nuestro-Mendoza2-225x300.jpeg 225w\" sizes=\"auto, (max-width: 174px) 100vw, 174px\" \/><figcaption><strong>Participaron OSC de Mendoza, San Luis, San Juan y C\u00f3rdoba. <\/strong><\/figcaption><\/figure><\/div>\n\n\n\n<p>El objetivo principal fue mejorar la participaci\u00f3n de la\nSociedad Civil en los procesos de definici\u00f3n e implementaci\u00f3n de las pol\u00edticas\np\u00fablicas que la afectan;&nbsp; a fin de lograr una sociedad m\u00e1s equitativa,\nsostenible e inclusiva. <\/p>\n\n\n\n<p>Se realizaron paneles con referentes\u00a0d\u00f3nde se abordaron la <strong>Incidencia de las OSC en pol\u00edticas p\u00fablicas, Articulaci\u00f3n entre \u00a0las OSC y los sectores\u00a0p\u00fablico y privado, Mapeo de experiencias de trabajo en red, y Marco legal y fiscal de las OSC<\/strong>. <\/p>\n\n\n\n<p><\/p>\n\n\n\n<div class=\"wp-block-image\"><figure class=\"alignright is-resized\"><img loading=\"lazy\" decoding=\"async\" src=\"https:\/\/i0.wp.com\/nuestramendoza.org.ar\/nmendoza\/blog\/wp-content\/uploads\/2019\/09\/Facundo-Heras-Nuestra-Mendoza.jpeg?fit=1024%2C678\" alt=\"\" class=\"wp-image-386\" width=\"217\" height=\"144\" srcset=\"https:\/\/nuestramendoza.org.ar\/nmendoza\/blog\/wp-content\/uploads\/2019\/09\/Facundo-Heras-Nuestra-Mendoza.jpeg 1280w, https:\/\/nuestramendoza.org.ar\/nmendoza\/blog\/wp-content\/uploads\/2019\/09\/Facundo-Heras-Nuestra-Mendoza-300x199.jpeg 300w, https:\/\/nuestramendoza.org.ar\/nmendoza\/blog\/wp-content\/uploads\/2019\/09\/Facundo-Heras-Nuestra-Mendoza-768x508.jpeg 768w, https:\/\/nuestramendoza.org.ar\/nmendoza\/blog\/wp-content\/uploads\/2019\/09\/Facundo-Heras-Nuestra-Mendoza-1024x678.jpeg 1024w\" sizes=\"auto, (max-width: 217px) 100vw, 217px\" \/><figcaption><strong>Facundo Heras, Director Ejecutivo de Nuestra Mendoza<\/strong>.<\/figcaption><\/figure><\/div>\n\n\n\n<p>\u201cEl encuentro es la excusa para que las organizaciones puedan conocerse entre s\u00ed, generar v\u00ednculos y trabajar de manera conjunta frente a problem\u00e1ticas comunes\u201d, explic\u00f3 Facundo Heras, Director Ejecutivo de Nuestra Mendoza. Por eso, el momento m\u00e1s importante de la jornada fue el taller en el cual las OSC compartieron sus propias experiencias y trazaron un mapa de situaci\u00f3n actual. <\/p>\n","protected":false},"excerpt":{"rendered":"<p>Convocados por Fundaci\u00f3n Nuestra Mendoza, en el marco del proyecto Sociedad Civil en Red, m\u00e1s de 160 integrantes de organizaciones sociales de Mendoza, San Luis y San Juan participaron de una jornada para crear redes de trabajo. El martes 10 de septiembre m\u00e1s de 160 referentes de Organizaciones de la Sociedad Civil (OSC) se reunieron en la Nave Cultural para conocerse y trazar modos de [&hellip;]<\/p>\n","protected":false},"author":1,"featured_media":387,"comment_status":"open","ping_status":"open","sticky":false,"template":"","format":"standard","meta":{"footnotes":""},"categories":[14,83,68],"tags":[63,90,60,48,64],"class_list":["post-384","post","type-post","status-publish","format-standard","has-post-thumbnail","hentry","category-ciudadania","category-osc","category-participacion","tag-organizaciones","tag-osc","tag-participacion","tag-red","tag-sociedad"],"_links":{"self":[{"href":"https:\/\/nuestramendoza.org.ar\/nmendoza\/blog\/wp-json\/wp\/v2\/posts\/384","targetHints":{"allow":["GET"]}}],"collection":[{"href":"https:\/\/nuestramendoza.org.ar\/nmendoza\/blog\/wp-json\/wp\/v2\/posts"}],"about":[{"href":"https:\/\/nuestramendoza.org.ar\/nmendoza\/blog\/wp-json\/wp\/v2\/types\/post"}],"author":[{"embeddable":true,"href":"https:\/\/nuestramendoza.org.ar\/nmendoza\/blog\/wp-json\/wp\/v2\/users\/1"}],"replies":[{"embeddable":true,"href":"https:\/\/nuestramendoza.org.ar\/nmendoza\/blog\/wp-json\/wp\/v2\/comments?post=384"}],"version-history":[{"count":3,"href":"https:\/\/nuestramendoza.org.ar\/nmendoza\/blog\/wp-json\/wp\/v2\/posts\/384\/revisions"}],"predecessor-version":[{"id":390,"href":"https:\/\/nuestramendoza.org.ar\/nmendoza\/blog\/wp-json\/wp\/v2\/posts\/384\/revisions\/390"}],"wp:featuredmedia":[{"embeddable":true,"href":"https:\/\/nuestramendoza.org.ar\/nmendoza\/blog\/wp-json\/wp\/v2\/media\/387"}],"wp:attachment":[{"href":"https:\/\/nuestramendoza.org.ar\/nmendoza\/blog\/wp-json\/wp\/v2\/media?parent=384"}],"wp:term":[{"taxonomy":"category","embeddable":true,"href":"https:\/\/nuestramendoza.org.ar\/nmendoza\/blog\/wp-json\/wp\/v2\/categories?post=384"},{"taxonomy":"post_tag","embeddable":true,"href":"https:\/\/nuestramendoza.org.ar\/nmendoza\/blog\/wp-json\/wp\/v2\/tags?post=384"}],"curies":[{"name":"wp","href":"https:\/\/api.w.org\/{rel}","templated":true}]}}