{"id":352,"date":"2019-07-22T09:35:45","date_gmt":"2019-07-22T12:35:45","guid":{"rendered":"http:\/\/nuestramendoza.org.ar\/nmendoza\/blog\/?p=352"},"modified":"2019-07-22T11:50:56","modified_gmt":"2019-07-22T14:50:56","slug":"encuentros-regionales-para-osc","status":"publish","type":"post","link":"https:\/\/nuestramendoza.org.ar\/nmendoza\/blog\/encuentros-regionales-para-osc\/","title":{"rendered":"Encuentros regionales para OSC"},"content":{"rendered":"\n<p>Desde 2017 realizamos Encuentros Regionales con el objetivo de lograr, a trav\u00e9s del di\u00e1logo y la cohesi\u00f3n, acuerdos sobre temas relevantes de la problem\u00e1tica social Argentina. Adem\u00e1s, queremos&nbsp;<strong>mejorar e incrementar los espacios de participaci\u00f3n nacional de la sociedad civil en las pol\u00edticas p\u00fablicas,&nbsp;<\/strong>teniendo como horizontes la equidad social, de g\u00e9nero y el desarrollo sostenible inclusivo.<br><\/p>\n\n\n\n<p>Este a\u00f1o llevaremos a cabo cuatro Encuentros Regionales en diferentes ciudades, con Organizadores Locales espec\u00edficos:<br><strong>23 de agosto \u2013 Bragado \u2013 Nuevo Horizonte, Bragado Club y Bomberos Voluntarios<br>10 de septiembre \u2013 Mendoza \u2013 Fundaci\u00f3n Nuestra Mendoza<\/strong><\/p>\n\n\n\n<p>El evento est\u00e1 destinado a organizaciones de la sociedad civil, entidades sin fines de lucro, asociaciones civiles, fundaciones y ONG\u2019s; y se desarrollar\u00e1n paneles con la participaci\u00f3n de importantes expositores que tratar\u00e1n los siguientes temas:<br><\/p>\n\n\n\n<ul class=\"wp-block-list\"><li>Incidencia en Pol\u00edticas P\u00fablicas<\/li><li>Articulaci\u00f3n con el Estado y las Empresas<\/li><li>Aspectos legales y fiscales de las Organizaciones<\/li><li>Formaci\u00f3n de Redes<\/li><\/ul>\n\n\n\n<p><strong>La entrada es libre y gratuita.<\/strong><br><strong>\u00a1Los esperamos!<\/strong><\/p>\n","protected":false},"excerpt":{"rendered":"<p>Desde 2017 realizamos Encuentros Regionales con el objetivo de lograr, a trav\u00e9s del di\u00e1logo y la cohesi\u00f3n, acuerdos sobre temas relevantes de la problem\u00e1tica social Argentina. Adem\u00e1s, queremos&nbsp;mejorar e incrementar los espacios de participaci\u00f3n nacional de la sociedad civil en las pol\u00edticas p\u00fablicas,&nbsp;teniendo como horizontes la equidad social, de g\u00e9nero y el desarrollo sostenible inclusivo. Este a\u00f1o llevaremos a cabo cuatro Encuentros Regionales en diferentes [&hellip;]<\/p>\n","protected":false},"author":1,"featured_media":353,"comment_status":"open","ping_status":"open","sticky":false,"template":"","format":"standard","meta":{"footnotes":""},"categories":[14,83,68],"tags":[],"class_list":["post-352","post","type-post","status-publish","format-standard","has-post-thumbnail","hentry","category-ciudadania","category-osc","category-participacion"],"_links":{"self":[{"href":"https:\/\/nuestramendoza.org.ar\/nmendoza\/blog\/wp-json\/wp\/v2\/posts\/352","targetHints":{"allow":["GET"]}}],"collection":[{"href":"https:\/\/nuestramendoza.org.ar\/nmendoza\/blog\/wp-json\/wp\/v2\/posts"}],"about":[{"href":"https:\/\/nuestramendoza.org.ar\/nmendoza\/blog\/wp-json\/wp\/v2\/types\/post"}],"author":[{"embeddable":true,"href":"https:\/\/nuestramendoza.org.ar\/nmendoza\/blog\/wp-json\/wp\/v2\/users\/1"}],"replies":[{"embeddable":true,"href":"https:\/\/nuestramendoza.org.ar\/nmendoza\/blog\/wp-json\/wp\/v2\/comments?post=352"}],"version-history":[{"count":3,"href":"https:\/\/nuestramendoza.org.ar\/nmendoza\/blog\/wp-json\/wp\/v2\/posts\/352\/revisions"}],"predecessor-version":[{"id":356,"href":"https:\/\/nuestramendoza.org.ar\/nmendoza\/blog\/wp-json\/wp\/v2\/posts\/352\/revisions\/356"}],"wp:featuredmedia":[{"embeddable":true,"href":"https:\/\/nuestramendoza.org.ar\/nmendoza\/blog\/wp-json\/wp\/v2\/media\/353"}],"wp:attachment":[{"href":"https:\/\/nuestramendoza.org.ar\/nmendoza\/blog\/wp-json\/wp\/v2\/media?parent=352"}],"wp:term":[{"taxonomy":"category","embeddable":true,"href":"https:\/\/nuestramendoza.org.ar\/nmendoza\/blog\/wp-json\/wp\/v2\/categories?post=352"},{"taxonomy":"post_tag","embeddable":true,"href":"https:\/\/nuestramendoza.org.ar\/nmendoza\/blog\/wp-json\/wp\/v2\/tags?post=352"}],"curies":[{"name":"wp","href":"https:\/\/api.w.org\/{rel}","templated":true}]}}