{"id":337,"date":"2019-06-03T22:30:29","date_gmt":"2019-06-04T01:30:29","guid":{"rendered":"http:\/\/nuestramendoza.org.ar\/nmendoza\/blog\/?p=337"},"modified":"2019-06-05T16:46:57","modified_gmt":"2019-06-05T19:46:57","slug":"que-vota-mendoza-el-9-de-junio","status":"publish","type":"post","link":"https:\/\/nuestramendoza.org.ar\/nmendoza\/blog\/que-vota-mendoza-el-9-de-junio\/","title":{"rendered":"\u00bfQue vota Mendoza el 9 de junio?"},"content":{"rendered":"\n<p><strong>El 9 de junio Mendoza tendr\u00e1 sus elecciones Primarias Abiertas Simult\u00e1neas Obligatorias (PASO)<\/strong> en las cuales participan 11 precandidatxs para llegar a la instancia general. <\/p>\n\n\n\n<h3 class=\"wp-block-heading\">\u00bfQu\u00e9 se vota?<\/h3>\n\n\n\n<p>La ciudadan\u00eda mendocina elegir\u00e1 a lxs candidatxs a Gobernador\/a,  y a Legisladores\/as provinciales. En los municipios se votar\u00e1 por Intendentes\/as y Concejales\/as; excepto en Lavalle, San Mart\u00edn, San Rafael y Tunuy\u00e1n, que desdoblaron y adelantaron sus elecciones. <\/p>\n\n\n\n<h3 class=\"wp-block-heading\">\u00bfQui\u00e9nes se postulan para la Gobernaci\u00f3n?<\/h3>\n\n\n\n<p>Se presentan <strong>ocho (8) frentes y once (11) precandidatxs<\/strong>. El electorado deber\u00e1 optar por una sola f\u00f3rmula. <strong>IMPORTANTE TENER EN CUENTA: los sobres que contengan m\u00e1s de una boleta por categor\u00eda ser\u00e1n considerados inv\u00e1lidos. <\/strong><\/p>\n\n\n\n<ul class=\"wp-block-list\"><li>Frente Cambia Mendoza: Rodolfo Su\u00e1rez, Omar de Marchi y Fernando Armagnague.  <\/li><li>Frente Eleg\u00ed: Alejandro Bermejo, Anabel Fern\u00e1ndez Sagasti.<\/li><li> Frente de Izquierda y de los Trabajadores: Noelia Barbeito.  <\/li><li> Partido Intransigente: Dante Gonz\u00e1lez.<\/li><li> Protectora: Jos\u00e9 Luis Ram\u00f3n.<\/li><li>Movimiento Socialista y de los Trabajadores: Marcia Marianetti.<\/li><li>Partido Federal: Adolfo Innocente. <\/li><li>Partido de los Jubilados: Eduardo Santana. <\/li><\/ul>\n\n\n\n<h3 class=\"wp-block-heading\">\u00bfQui\u00e9nes pueden votar?<\/h3>\n\n\n\n<p><strong>Podr\u00e1n votar todas las personas mayores de 16 a\u00f1os, aunque es obligatorio desde los 18.  <\/strong>La junta electoral record\u00f3 que se puede votar con el documento que figura en el padr\u00f3n, entre los que se encuentran: DNI digital, DNI tarjeta, DNI libreta verde o celeste, Libreta C\u00edvica o Libreta de Enrolamiento. Todos aquellos que se encuentren a m\u00e1s de 500 kil\u00f3metros el pr\u00f3ximo domingo deben dirigirse a la comisar\u00eda m\u00e1s cercana y solicitar un certificado que despu\u00e9s se presentar\u00e1 en la Junta Electoral. Los mendocinos que no voten pueden tener una multa que va de los $50 a los $500.  <\/p>\n\n\n\n<p> El padr\u00f3n electoral para consultar el lugar de votaci\u00f3n es: <a href=\"http:\/\/padron.mendoza.gov.ar   \">padron.mendoza.gov.ar   <\/a><\/p>\n","protected":false},"excerpt":{"rendered":"<p>El 9 de junio Mendoza tendr\u00e1 sus elecciones Primarias Abiertas Simult\u00e1neas Obligatorias (PASO) en las cuales participan 11 precandidatxs para llegar a la instancia general. \u00bfQu\u00e9 se vota? La ciudadan\u00eda mendocina elegir\u00e1 a lxs candidatxs a Gobernador\/a, y a Legisladores\/as provinciales. En los municipios se votar\u00e1 por Intendentes\/as y Concejales\/as; excepto en Lavalle, San Mart\u00edn, San Rafael y Tunuy\u00e1n, que desdoblaron y adelantaron sus elecciones. [&hellip;]<\/p>\n","protected":false},"author":1,"featured_media":338,"comment_status":"open","ping_status":"open","sticky":false,"template":"","format":"standard","meta":{"footnotes":""},"categories":[7,14,79],"tags":[70,19,69,37,60,80,47,16,78],"class_list":["post-337","post","type-post","status-publish","format-standard","has-post-thumbnail","hentry","category-acceso-a-la-informacion-publica","category-ciudadania","category-elecciones-2019","tag-70","tag-ciudadania","tag-elecciones","tag-mendoza","tag-participacion","tag-paso","tag-poder-ciudadano","tag-transparencia","tag-votantes"],"_links":{"self":[{"href":"https:\/\/nuestramendoza.org.ar\/nmendoza\/blog\/wp-json\/wp\/v2\/posts\/337","targetHints":{"allow":["GET"]}}],"collection":[{"href":"https:\/\/nuestramendoza.org.ar\/nmendoza\/blog\/wp-json\/wp\/v2\/posts"}],"about":[{"href":"https:\/\/nuestramendoza.org.ar\/nmendoza\/blog\/wp-json\/wp\/v2\/types\/post"}],"author":[{"embeddable":true,"href":"https:\/\/nuestramendoza.org.ar\/nmendoza\/blog\/wp-json\/wp\/v2\/users\/1"}],"replies":[{"embeddable":true,"href":"https:\/\/nuestramendoza.org.ar\/nmendoza\/blog\/wp-json\/wp\/v2\/comments?post=337"}],"version-history":[{"count":4,"href":"https:\/\/nuestramendoza.org.ar\/nmendoza\/blog\/wp-json\/wp\/v2\/posts\/337\/revisions"}],"predecessor-version":[{"id":343,"href":"https:\/\/nuestramendoza.org.ar\/nmendoza\/blog\/wp-json\/wp\/v2\/posts\/337\/revisions\/343"}],"wp:featuredmedia":[{"embeddable":true,"href":"https:\/\/nuestramendoza.org.ar\/nmendoza\/blog\/wp-json\/wp\/v2\/media\/338"}],"wp:attachment":[{"href":"https:\/\/nuestramendoza.org.ar\/nmendoza\/blog\/wp-json\/wp\/v2\/media?parent=337"}],"wp:term":[{"taxonomy":"category","embeddable":true,"href":"https:\/\/nuestramendoza.org.ar\/nmendoza\/blog\/wp-json\/wp\/v2\/categories?post=337"},{"taxonomy":"post_tag","embeddable":true,"href":"https:\/\/nuestramendoza.org.ar\/nmendoza\/blog\/wp-json\/wp\/v2\/tags?post=337"}],"curies":[{"name":"wp","href":"https:\/\/api.w.org\/{rel}","templated":true}]}}