{"id":325,"date":"2019-05-22T16:32:24","date_gmt":"2019-05-22T19:32:24","guid":{"rendered":"http:\/\/nuestramendoza.org.ar\/nmendoza\/blog\/?p=325"},"modified":"2019-05-22T16:32:24","modified_gmt":"2019-05-22T19:32:24","slug":"mar-del-plata-solicitan-plan-de-metas-de-gobierno","status":"publish","type":"post","link":"https:\/\/nuestramendoza.org.ar\/nmendoza\/blog\/mar-del-plata-solicitan-plan-de-metas-de-gobierno\/","title":{"rendered":"Mar del Plata: solicitan Plan de Metas de Gobierno"},"content":{"rendered":"\n<p>Al igual que en <strong>Mendoza, C\u00f3rdoba <\/strong>y otras provincias, <strong>Mar del Plata<\/strong> se suma al trabajo por un Plan de Metas de Gobierno que favorezca la transparencia, apertura de la informaci\u00f3n y el ejercicio de la democracia por parte de la ciudadan\u00eda.<\/p>\n\n\n\n<h3 class=\"wp-block-heading\">El caso marplatense<\/h3>\n\n\n\n<p>La concejal\u00a0Vilma Baragiola particip\u00f3 de la Declaraci\u00f3n de Inter\u00e9s del segundo informe de <strong>Monitoreo Ciudadano <\/strong>generado por <strong>Mar del Plata Entre Todos.<\/strong><\/p>\n\n\n\n<p>Durante el mismo, la diputada expres\u00f3:<em>\u00a0\u201cestamos convencidos y coincidimos que para saber que ciudad queremos, necesitamos primero entender con que ciudad contamos y para eso, instituciones, empresariado y representantes del tercer sector de la ciudad han trabajado intensamente\u201d.<\/em><\/p>\n\n\n\n<p>En la presentaci\u00f3n de este segundo informe se plante\u00f3 por parte de representantes del Centro de Constructores y de la Universidad Nacional de Mar del Plata, la necesidad de pasar a la acci\u00f3n. <\/p>\n\n\n\n<p>Asimismo, se  destac\u00f3 la necesidad de establecer un <strong>Plan de Metas de Gobierno<\/strong>, similar al que ha dado enormes resultados en ciudades como C\u00f3rdoba; donde es desarrollado por \u201cNuestra C\u00f3rdoba\u201d, una OSC que trabaja junto a la gobernaci\u00f3n local para lograr generar un instrumento de planificaci\u00f3n, informaci\u00f3n p\u00fablica y rendici\u00f3n de cuentas dirigida al ciudadano.<\/p>\n\n\n\n<p>Es necesario dar previsibilidad, seriedad y responsabilidad a cualquier gesti\u00f3n de gobierno, desarrollando herramientas modernas y democr\u00e1ticas que garanticen al ciudadano el acceso a la informaci\u00f3n y fomenten la participaci\u00f3n.<\/p>\n\n\n\n<p><strong>Fuente: El retrato de hoy<\/strong><\/p>\n\n\n\n<p><\/p>\n","protected":false},"excerpt":{"rendered":"<p>Al igual que en Mendoza, C\u00f3rdoba y otras provincias, Mar del Plata se suma al trabajo por un Plan de Metas de Gobierno que favorezca la transparencia, apertura de la informaci\u00f3n y el ejercicio de la democracia por parte de la ciudadan\u00eda. El caso marplatense La concejal\u00a0Vilma Baragiola particip\u00f3 de la Declaraci\u00f3n de Inter\u00e9s del segundo informe de Monitoreo Ciudadano generado por Mar del Plata [&hellip;]<\/p>\n","protected":false},"author":1,"featured_media":326,"comment_status":"open","ping_status":"open","sticky":false,"template":"","format":"standard","meta":{"footnotes":""},"categories":[33,7,14,52,12,8],"tags":[15,19,32,60,5,40,47,16],"class_list":["post-325","post","type-post","status-publish","format-standard","has-post-thumbnail","hentry","category-candidatostransparentes","category-acceso-a-la-informacion-publica","category-ciudadania","category-equidad","category-plan-de-metas","category-transparencia","tag-acceso-a-la-informacion-publica","tag-ciudadania","tag-ciudades-justas","tag-participacion","tag-plan-de-metas","tag-planes-de-metas","tag-poder-ciudadano","tag-transparencia"],"_links":{"self":[{"href":"https:\/\/nuestramendoza.org.ar\/nmendoza\/blog\/wp-json\/wp\/v2\/posts\/325","targetHints":{"allow":["GET"]}}],"collection":[{"href":"https:\/\/nuestramendoza.org.ar\/nmendoza\/blog\/wp-json\/wp\/v2\/posts"}],"about":[{"href":"https:\/\/nuestramendoza.org.ar\/nmendoza\/blog\/wp-json\/wp\/v2\/types\/post"}],"author":[{"embeddable":true,"href":"https:\/\/nuestramendoza.org.ar\/nmendoza\/blog\/wp-json\/wp\/v2\/users\/1"}],"replies":[{"embeddable":true,"href":"https:\/\/nuestramendoza.org.ar\/nmendoza\/blog\/wp-json\/wp\/v2\/comments?post=325"}],"version-history":[{"count":1,"href":"https:\/\/nuestramendoza.org.ar\/nmendoza\/blog\/wp-json\/wp\/v2\/posts\/325\/revisions"}],"predecessor-version":[{"id":327,"href":"https:\/\/nuestramendoza.org.ar\/nmendoza\/blog\/wp-json\/wp\/v2\/posts\/325\/revisions\/327"}],"wp:featuredmedia":[{"embeddable":true,"href":"https:\/\/nuestramendoza.org.ar\/nmendoza\/blog\/wp-json\/wp\/v2\/media\/326"}],"wp:attachment":[{"href":"https:\/\/nuestramendoza.org.ar\/nmendoza\/blog\/wp-json\/wp\/v2\/media?parent=325"}],"wp:term":[{"taxonomy":"category","embeddable":true,"href":"https:\/\/nuestramendoza.org.ar\/nmendoza\/blog\/wp-json\/wp\/v2\/categories?post=325"},{"taxonomy":"post_tag","embeddable":true,"href":"https:\/\/nuestramendoza.org.ar\/nmendoza\/blog\/wp-json\/wp\/v2\/tags?post=325"}],"curies":[{"name":"wp","href":"https:\/\/api.w.org\/{rel}","templated":true}]}}