{"id":32,"date":"2016-12-06T10:50:56","date_gmt":"2016-12-06T13:50:56","guid":{"rendered":"http:\/\/nuestramendoza.org.ar\/nmendoza\/blog\/?p=32"},"modified":"2025-01-07T02:31:50","modified_gmt":"2025-01-07T05:31:50","slug":"planes-de-metas-jornadas-de-capacitacion-para-funcionarios-publicos-de-gobiernos-locales","status":"publish","type":"post","link":"https:\/\/nuestramendoza.org.ar\/nmendoza\/blog\/planes-de-metas-jornadas-de-capacitacion-para-funcionarios-publicos-de-gobiernos-locales\/","title":{"rendered":"Planes de Metas: Capacitaci\u00f3n para funcionarios p\u00fablicos"},"content":{"rendered":"<p>&nbsp;<\/p>\n<p><strong><em>Fundaci\u00f3n Nuestra Mendoza y Universidad Juan Agust\u00edn Maza realizaron una capacitaci\u00f3n para funcionarios de los municipios del Gran Mendoza y del gobierno provincial para fortalecer los conocimientos en Planes de Metas y en el uso de la plataforma <a href=\"http:\/\/www.sumenmza.com.ar\/\">SUMEN.<\/a><\/em><\/strong><\/p>\n<p>La capacitaci\u00f3n que tuvo lugar los d\u00edas 21 y 22 de noviembre, tendr\u00e1 su segundo cap\u00edtulo el 16 de diciembre, tiene como finalidad acercarles a los municipios y sus colaboradores contenidos en \u00e1reas como planificaci\u00f3n, diagn\u00f3stico, elaboraci\u00f3n, implementaci\u00f3n y comunicaci\u00f3n de planes de metas, entre otros temas.<br \/>\nUn tema especial abordado en la segunda jornada, con la clase brindada por el licenciado Javier Rosesntein, es el uso de la plataforma <a href=\"http:\/\/www.sumenmza.com.ar\/\">SUMEN <\/a>\u00a0herramienta que Fundaci\u00f3n Nuestra Mendoza puso a disposici\u00f3n de forma gratuita este a\u00f1o a los gobiernos locales con la firma convicci\u00f3n que con el uso de estas nuevas herramientas ayuda a transparentar el accionar de los gobiernos, provee de informaci\u00f3n a los ciudadanos y acorta distancias entre los municipios y los vecinos.<\/p>\n<p>Con la participaci\u00f3n de m\u00e1s de 30 representantes de los municipios de: Maip\u00fa, Ciudad de Mendoza, Las Heras, Luj\u00e1n de Cuyo, Godoy Cruz, Guaymall\u00e9n y de la Secretar\u00eda de Gesti\u00f3n P\u00fablica y Modernizaci\u00f3n del Estado del gobierno provincial; este ciclo de formaci\u00f3n une a Fundaci\u00f3n Nuestra Mendoza y a la Universidad Juan Agust\u00edn Maza en un nuevo desaf\u00edo de trabajo conjunto que tendr\u00e1 su continuidad el pr\u00f3ximo a\u00f1o.<\/p>\n<p>Vaporized milk is a popular substitute for hefty light whipping cream in dishes such as <a href=\"https:\/\/gr.healthcareclub.net\/prostatitis\/uromexil-forte-male-urination\">uromexil forte<\/a> pies, custards, as well as creamy treats.<\/p>\n","protected":false},"excerpt":{"rendered":"<p>&nbsp; Fundaci\u00f3n Nuestra Mendoza y Universidad Juan Agust\u00edn Maza realizaron una capacitaci\u00f3n para funcionarios de los municipios del Gran Mendoza y del gobierno provincial para fortalecer los conocimientos en Planes de Metas y en el uso de la plataforma SUMEN. La capacitaci\u00f3n que tuvo lugar los d\u00edas 21 y 22 de noviembre, tendr\u00e1 su segundo cap\u00edtulo el 16 de diciembre, tiene como finalidad acercarles a [&hellip;]<\/p>\n","protected":false},"author":1,"featured_media":82,"comment_status":"open","ping_status":"open","sticky":false,"template":"","format":"standard","meta":{"footnotes":""},"categories":[1],"tags":[4,6,5,3],"class_list":["post-32","post","type-post","status-publish","format-standard","has-post-thumbnail","hentry","category-noticias","tag-capacitacion","tag-gobiernos-locales","tag-plan-de-metas","tag-sumen"],"_links":{"self":[{"href":"https:\/\/nuestramendoza.org.ar\/nmendoza\/blog\/wp-json\/wp\/v2\/posts\/32","targetHints":{"allow":["GET"]}}],"collection":[{"href":"https:\/\/nuestramendoza.org.ar\/nmendoza\/blog\/wp-json\/wp\/v2\/posts"}],"about":[{"href":"https:\/\/nuestramendoza.org.ar\/nmendoza\/blog\/wp-json\/wp\/v2\/types\/post"}],"author":[{"embeddable":true,"href":"https:\/\/nuestramendoza.org.ar\/nmendoza\/blog\/wp-json\/wp\/v2\/users\/1"}],"replies":[{"embeddable":true,"href":"https:\/\/nuestramendoza.org.ar\/nmendoza\/blog\/wp-json\/wp\/v2\/comments?post=32"}],"version-history":[{"count":5,"href":"https:\/\/nuestramendoza.org.ar\/nmendoza\/blog\/wp-json\/wp\/v2\/posts\/32\/revisions"}],"predecessor-version":[{"id":2476,"href":"https:\/\/nuestramendoza.org.ar\/nmendoza\/blog\/wp-json\/wp\/v2\/posts\/32\/revisions\/2476"}],"wp:featuredmedia":[{"embeddable":true,"href":"https:\/\/nuestramendoza.org.ar\/nmendoza\/blog\/wp-json\/wp\/v2\/media\/82"}],"wp:attachment":[{"href":"https:\/\/nuestramendoza.org.ar\/nmendoza\/blog\/wp-json\/wp\/v2\/media?parent=32"}],"wp:term":[{"taxonomy":"category","embeddable":true,"href":"https:\/\/nuestramendoza.org.ar\/nmendoza\/blog\/wp-json\/wp\/v2\/categories?post=32"},{"taxonomy":"post_tag","embeddable":true,"href":"https:\/\/nuestramendoza.org.ar\/nmendoza\/blog\/wp-json\/wp\/v2\/tags?post=32"}],"curies":[{"name":"wp","href":"https:\/\/api.w.org\/{rel}","templated":true}]}}